{"id":16448,"date":"2024-08-28T12:57:42","date_gmt":"2024-08-28T10:57:42","guid":{"rendered":"https:\/\/ifd.al\/?p=16448"},"modified":"2024-09-19T16:06:53","modified_gmt":"2024-09-19T14:06:53","slug":"black-out-electricity-is-interrupted-throughout-albania-the-country-30-minutes-on-the-ground","status":"publish","type":"post","link":"https:\/\/ifd.al\/en\/black-out-electricity-is-interrupted-throughout-albania-the-country-30-minutes-on-the-ground\/","title":{"rendered":"&#8216;Black Out&#8217;, electricity is interrupted throughout Albania, the country 30 minutes on the ground"},"content":{"rendered":"<p>The whole country experienced a real energy &#8220;black out&#8221; at noon this Friday, as a result of a fault in the interconnection line with Greece.<\/p>\n<p>Reports of power outages came from some areas of the capital, but such a problem was spread throughout Albania.<\/p>\n<p>Cities such as Tirana, Durr\u00ebs, Elbasan, Kor\u00e7a, Kuk\u00ebsi, Vlora, Lushnja, Fieri and Berati were in a power outage for a few minutes. In Tirana, electricity supply was guaranteed only after a 30-minute interruption. Meanwhile, it was accompanied by numerous problems, from defects in electrical appliances to elevator jams in high-rise buildings, causing many citizens to get stuck inside for minutes.<\/p>\n<p>OSHEE has not made any announcement about the sudden power outage across the country. Such a voltage fluctuation increases the risk of damaging electrical appliances. Many family and business subscribers have constantly complained about voltage fluctuations these hot days.<\/p>\n<p>OSHEE published a post yesterday, where it announced that the lights would go out in some areas in Tirana, while what happened went beyond the capital. The power outage did not leave the state institutions untouched either. The Constitutional Court interrupted the session where the mandate of Olta Xha\u00e7ka was being considered, to then restart the meeting with the restoration of energy.<\/p>\n<p>&nbsp;<\/p>\n<p>Source: BalkanWeb<\/p>\n","protected":false},"excerpt":{"rendered":"<p>The whole country experienced a real energy &#8220;black out&#8221; at noon this Friday, as a result of a fault in the interconnection line with Greece. Reports of power outages came from some areas of the capital, but such a problem was spread throughout Albania. Cities such as Tirana, Durr\u00ebs, Elbasan, Kor\u00e7a, Kuk\u00ebsi, Vlora, Lushnja, Fieri [&hellip;]<\/p>\n","protected":false},"author":1,"featured_media":16757,"comment_status":"closed","ping_status":"open","sticky":false,"template":"","format":"standard","meta":{"inline_featured_image":false,"_monsterinsights_skip_tracking":false,"_monsterinsights_sitenote_active":false,"_monsterinsights_sitenote_note":"","_monsterinsights_sitenote_category":0,"_uf_show_specific_survey":0,"_uf_disable_surveys":false,"footnotes":""},"categories":[109,21],"tags":[118],"class_list":["post-16448","post","type-post","status-publish","format-standard","has-post-thumbnail","hentry","category-energy-en","category-uncategorized","tag-energy"],"yoast_head":"<!-- This site is optimized with the Yoast SEO plugin v27.3 - https:\/\/yoast.com\/product\/yoast-seo-wordpress\/ -->\n<title>&#039;Black Out&#039;, electricity is interrupted throughout Albania, the country 30 minutes on the ground - IFD Tech<\/title>\n<meta name=\"robots\" content=\"index, follow, max-snippet:-1, max-image-preview:large, max-video-preview:-1\" \/>\n<link rel=\"canonical\" href=\"https:\/\/ifd.al\/en\/black-out-electricity-is-interrupted-throughout-albania-the-country-30-minutes-on-the-ground\/\" \/>\n<meta property=\"og:locale\" content=\"en_US\" \/>\n<meta property=\"og:type\" content=\"article\" \/>\n<meta property=\"og:title\" content=\"&#039;Black Out&#039;, electricity is interrupted throughout Albania, the country 30 minutes on the ground - IFD Tech\" \/>\n<meta property=\"og:description\" content=\"The whole country experienced a real energy &#8220;black out&#8221; at noon this Friday, as a result of a fault in the interconnection line with Greece. Reports of power outages came from some areas of the capital, but such a problem was spread throughout Albania. Cities such as Tirana, Durr\u00ebs, Elbasan, Kor\u00e7a, Kuk\u00ebsi, Vlora, Lushnja, Fieri [&hellip;]\" \/>\n<meta property=\"og:url\" content=\"https:\/\/ifd.al\/en\/black-out-electricity-is-interrupted-throughout-albania-the-country-30-minutes-on-the-ground\/\" \/>\n<meta property=\"og:site_name\" content=\"IFD Tech\" \/>\n<meta property=\"article:published_time\" content=\"2024-08-28T10:57:42+00:00\" \/>\n<meta property=\"article:modified_time\" content=\"2024-09-19T14:06:53+00:00\" \/>\n<meta property=\"og:image\" content=\"https:\/\/ifd.al\/wp-content\/uploads\/2024\/08\/ifd-artikul-Black-Out.png\" \/>\n\t<meta property=\"og:image:width\" content=\"400\" \/>\n\t<meta property=\"og:image:height\" content=\"212\" \/>\n\t<meta property=\"og:image:type\" content=\"image\/png\" \/>\n<meta name=\"author\" content=\"IFD\" \/>\n<meta name=\"twitter:card\" content=\"summary_large_image\" \/>\n<meta name=\"twitter:label1\" content=\"Written by\" \/>\n\t<meta name=\"twitter:data1\" content=\"IFD\" \/>\n\t<meta name=\"twitter:label2\" content=\"Est. reading time\" \/>\n\t<meta name=\"twitter:data2\" content=\"2 minutes\" \/>\n<script type=\"application\/ld+json\" class=\"yoast-schema-graph\">{\"@context\":\"https:\\\/\\\/schema.org\",\"@graph\":[{\"@type\":\"Article\",\"@id\":\"https:\\\/\\\/ifd.al\\\/en\\\/black-out-electricity-is-interrupted-throughout-albania-the-country-30-minutes-on-the-ground\\\/#article\",\"isPartOf\":{\"@id\":\"https:\\\/\\\/ifd.al\\\/en\\\/black-out-electricity-is-interrupted-throughout-albania-the-country-30-minutes-on-the-ground\\\/\"},\"author\":{\"name\":\"IFD\",\"@id\":\"https:\\\/\\\/ifd.al\\\/en\\\/#\\\/schema\\\/person\\\/0da0a70d40deb3222f591301f08cd28f\"},\"headline\":\"&#8216;Black Out&#8217;, electricity is interrupted throughout Albania, the country 30 minutes on the ground\",\"datePublished\":\"2024-08-28T10:57:42+00:00\",\"dateModified\":\"2024-09-19T14:06:53+00:00\",\"mainEntityOfPage\":{\"@id\":\"https:\\\/\\\/ifd.al\\\/en\\\/black-out-electricity-is-interrupted-throughout-albania-the-country-30-minutes-on-the-ground\\\/\"},\"wordCount\":225,\"publisher\":{\"@id\":\"https:\\\/\\\/ifd.al\\\/en\\\/#organization\"},\"image\":{\"@id\":\"https:\\\/\\\/ifd.al\\\/en\\\/black-out-electricity-is-interrupted-throughout-albania-the-country-30-minutes-on-the-ground\\\/#primaryimage\"},\"thumbnailUrl\":\"https:\\\/\\\/ifd.al\\\/wp-content\\\/uploads\\\/2024\\\/08\\\/ifd-artikul-Black-Out.png\",\"keywords\":[\"Energy\"],\"articleSection\":[\"Energy\"],\"inLanguage\":\"en-US\"},{\"@type\":\"WebPage\",\"@id\":\"https:\\\/\\\/ifd.al\\\/en\\\/black-out-electricity-is-interrupted-throughout-albania-the-country-30-minutes-on-the-ground\\\/\",\"url\":\"https:\\\/\\\/ifd.al\\\/en\\\/black-out-electricity-is-interrupted-throughout-albania-the-country-30-minutes-on-the-ground\\\/\",\"name\":\"'Black Out', electricity is interrupted throughout Albania, the country 30 minutes on the ground - IFD Tech\",\"isPartOf\":{\"@id\":\"https:\\\/\\\/ifd.al\\\/en\\\/#website\"},\"primaryImageOfPage\":{\"@id\":\"https:\\\/\\\/ifd.al\\\/en\\\/black-out-electricity-is-interrupted-throughout-albania-the-country-30-minutes-on-the-ground\\\/#primaryimage\"},\"image\":{\"@id\":\"https:\\\/\\\/ifd.al\\\/en\\\/black-out-electricity-is-interrupted-throughout-albania-the-country-30-minutes-on-the-ground\\\/#primaryimage\"},\"thumbnailUrl\":\"https:\\\/\\\/ifd.al\\\/wp-content\\\/uploads\\\/2024\\\/08\\\/ifd-artikul-Black-Out.png\",\"datePublished\":\"2024-08-28T10:57:42+00:00\",\"dateModified\":\"2024-09-19T14:06:53+00:00\",\"breadcrumb\":{\"@id\":\"https:\\\/\\\/ifd.al\\\/en\\\/black-out-electricity-is-interrupted-throughout-albania-the-country-30-minutes-on-the-ground\\\/#breadcrumb\"},\"inLanguage\":\"en-US\",\"potentialAction\":[{\"@type\":\"ReadAction\",\"target\":[\"https:\\\/\\\/ifd.al\\\/en\\\/black-out-electricity-is-interrupted-throughout-albania-the-country-30-minutes-on-the-ground\\\/\"]}]},{\"@type\":\"ImageObject\",\"inLanguage\":\"en-US\",\"@id\":\"https:\\\/\\\/ifd.al\\\/en\\\/black-out-electricity-is-interrupted-throughout-albania-the-country-30-minutes-on-the-ground\\\/#primaryimage\",\"url\":\"https:\\\/\\\/ifd.al\\\/wp-content\\\/uploads\\\/2024\\\/08\\\/ifd-artikul-Black-Out.png\",\"contentUrl\":\"https:\\\/\\\/ifd.al\\\/wp-content\\\/uploads\\\/2024\\\/08\\\/ifd-artikul-Black-Out.png\",\"width\":400,\"height\":212},{\"@type\":\"BreadcrumbList\",\"@id\":\"https:\\\/\\\/ifd.al\\\/en\\\/black-out-electricity-is-interrupted-throughout-albania-the-country-30-minutes-on-the-ground\\\/#breadcrumb\",\"itemListElement\":[{\"@type\":\"ListItem\",\"position\":1,\"name\":\"Home\",\"item\":\"https:\\\/\\\/ifd.al\\\/en\\\/\"},{\"@type\":\"ListItem\",\"position\":2,\"name\":\"&#8216;Black Out&#8217;, electricity is interrupted throughout Albania, the country 30 minutes on the ground\"}]},{\"@type\":\"WebSite\",\"@id\":\"https:\\\/\\\/ifd.al\\\/en\\\/#website\",\"url\":\"https:\\\/\\\/ifd.al\\\/en\\\/\",\"name\":\"IFD Tech\",\"description\":\"Panele Fotovoltaike \\\/ Sh\u00ebrbime Telekomunikaconi\",\"publisher\":{\"@id\":\"https:\\\/\\\/ifd.al\\\/en\\\/#organization\"},\"potentialAction\":[{\"@type\":\"SearchAction\",\"target\":{\"@type\":\"EntryPoint\",\"urlTemplate\":\"https:\\\/\\\/ifd.al\\\/en\\\/?s={search_term_string}\"},\"query-input\":{\"@type\":\"PropertyValueSpecification\",\"valueRequired\":true,\"valueName\":\"search_term_string\"}}],\"inLanguage\":\"en-US\"},{\"@type\":\"Organization\",\"@id\":\"https:\\\/\\\/ifd.al\\\/en\\\/#organization\",\"name\":\"IFD Tech\",\"url\":\"https:\\\/\\\/ifd.al\\\/en\\\/\",\"logo\":{\"@type\":\"ImageObject\",\"inLanguage\":\"en-US\",\"@id\":\"https:\\\/\\\/ifd.al\\\/en\\\/#\\\/schema\\\/logo\\\/image\\\/\",\"url\":\"https:\\\/\\\/ifd.al\\\/wp-content\\\/uploads\\\/2022\\\/04\\\/logo-2.png\",\"contentUrl\":\"https:\\\/\\\/ifd.al\\\/wp-content\\\/uploads\\\/2022\\\/04\\\/logo-2.png\",\"width\":380,\"height\":106,\"caption\":\"IFD Tech\"},\"image\":{\"@id\":\"https:\\\/\\\/ifd.al\\\/en\\\/#\\\/schema\\\/logo\\\/image\\\/\"}},{\"@type\":\"Person\",\"@id\":\"https:\\\/\\\/ifd.al\\\/en\\\/#\\\/schema\\\/person\\\/0da0a70d40deb3222f591301f08cd28f\",\"name\":\"IFD\",\"image\":{\"@type\":\"ImageObject\",\"inLanguage\":\"en-US\",\"@id\":\"https:\\\/\\\/secure.gravatar.com\\\/avatar\\\/95c6b0b57ce225c546f2a36e44ce74d16c24c1881908cd364e31bf787bd8b76c?s=96&d=mm&r=g\",\"url\":\"https:\\\/\\\/secure.gravatar.com\\\/avatar\\\/95c6b0b57ce225c546f2a36e44ce74d16c24c1881908cd364e31bf787bd8b76c?s=96&d=mm&r=g\",\"contentUrl\":\"https:\\\/\\\/secure.gravatar.com\\\/avatar\\\/95c6b0b57ce225c546f2a36e44ce74d16c24c1881908cd364e31bf787bd8b76c?s=96&d=mm&r=g\",\"caption\":\"IFD\"},\"sameAs\":[\"https:\\\/\\\/ifd.al\"],\"url\":\"https:\\\/\\\/ifd.al\\\/en\\\/author\\\/admin_sq158zjq\\\/\"}]}<\/script>\n<!-- \/ Yoast SEO plugin. -->","yoast_head_json":{"title":"'Black Out', electricity is interrupted throughout Albania, the country 30 minutes on the ground - IFD Tech","robots":{"index":"index","follow":"follow","max-snippet":"max-snippet:-1","max-image-preview":"max-image-preview:large","max-video-preview":"max-video-preview:-1"},"canonical":"https:\/\/ifd.al\/en\/black-out-electricity-is-interrupted-throughout-albania-the-country-30-minutes-on-the-ground\/","og_locale":"en_US","og_type":"article","og_title":"'Black Out', electricity is interrupted throughout Albania, the country 30 minutes on the ground - IFD Tech","og_description":"The whole country experienced a real energy &#8220;black out&#8221; at noon this Friday, as a result of a fault in the interconnection line with Greece. Reports of power outages came from some areas of the capital, but such a problem was spread throughout Albania. Cities such as Tirana, Durr\u00ebs, Elbasan, Kor\u00e7a, Kuk\u00ebsi, Vlora, Lushnja, Fieri [&hellip;]","og_url":"https:\/\/ifd.al\/en\/black-out-electricity-is-interrupted-throughout-albania-the-country-30-minutes-on-the-ground\/","og_site_name":"IFD Tech","article_published_time":"2024-08-28T10:57:42+00:00","article_modified_time":"2024-09-19T14:06:53+00:00","og_image":[{"width":400,"height":212,"url":"https:\/\/ifd.al\/wp-content\/uploads\/2024\/08\/ifd-artikul-Black-Out.png","type":"image\/png"}],"author":"IFD","twitter_card":"summary_large_image","twitter_misc":{"Written by":"IFD","Est. reading time":"2 minutes"},"schema":{"@context":"https:\/\/schema.org","@graph":[{"@type":"Article","@id":"https:\/\/ifd.al\/en\/black-out-electricity-is-interrupted-throughout-albania-the-country-30-minutes-on-the-ground\/#article","isPartOf":{"@id":"https:\/\/ifd.al\/en\/black-out-electricity-is-interrupted-throughout-albania-the-country-30-minutes-on-the-ground\/"},"author":{"name":"IFD","@id":"https:\/\/ifd.al\/en\/#\/schema\/person\/0da0a70d40deb3222f591301f08cd28f"},"headline":"&#8216;Black Out&#8217;, electricity is interrupted throughout Albania, the country 30 minutes on the ground","datePublished":"2024-08-28T10:57:42+00:00","dateModified":"2024-09-19T14:06:53+00:00","mainEntityOfPage":{"@id":"https:\/\/ifd.al\/en\/black-out-electricity-is-interrupted-throughout-albania-the-country-30-minutes-on-the-ground\/"},"wordCount":225,"publisher":{"@id":"https:\/\/ifd.al\/en\/#organization"},"image":{"@id":"https:\/\/ifd.al\/en\/black-out-electricity-is-interrupted-throughout-albania-the-country-30-minutes-on-the-ground\/#primaryimage"},"thumbnailUrl":"https:\/\/ifd.al\/wp-content\/uploads\/2024\/08\/ifd-artikul-Black-Out.png","keywords":["Energy"],"articleSection":["Energy"],"inLanguage":"en-US"},{"@type":"WebPage","@id":"https:\/\/ifd.al\/en\/black-out-electricity-is-interrupted-throughout-albania-the-country-30-minutes-on-the-ground\/","url":"https:\/\/ifd.al\/en\/black-out-electricity-is-interrupted-throughout-albania-the-country-30-minutes-on-the-ground\/","name":"'Black Out', electricity is interrupted throughout Albania, the country 30 minutes on the ground - IFD Tech","isPartOf":{"@id":"https:\/\/ifd.al\/en\/#website"},"primaryImageOfPage":{"@id":"https:\/\/ifd.al\/en\/black-out-electricity-is-interrupted-throughout-albania-the-country-30-minutes-on-the-ground\/#primaryimage"},"image":{"@id":"https:\/\/ifd.al\/en\/black-out-electricity-is-interrupted-throughout-albania-the-country-30-minutes-on-the-ground\/#primaryimage"},"thumbnailUrl":"https:\/\/ifd.al\/wp-content\/uploads\/2024\/08\/ifd-artikul-Black-Out.png","datePublished":"2024-08-28T10:57:42+00:00","dateModified":"2024-09-19T14:06:53+00:00","breadcrumb":{"@id":"https:\/\/ifd.al\/en\/black-out-electricity-is-interrupted-throughout-albania-the-country-30-minutes-on-the-ground\/#breadcrumb"},"inLanguage":"en-US","potentialAction":[{"@type":"ReadAction","target":["https:\/\/ifd.al\/en\/black-out-electricity-is-interrupted-throughout-albania-the-country-30-minutes-on-the-ground\/"]}]},{"@type":"ImageObject","inLanguage":"en-US","@id":"https:\/\/ifd.al\/en\/black-out-electricity-is-interrupted-throughout-albania-the-country-30-minutes-on-the-ground\/#primaryimage","url":"https:\/\/ifd.al\/wp-content\/uploads\/2024\/08\/ifd-artikul-Black-Out.png","contentUrl":"https:\/\/ifd.al\/wp-content\/uploads\/2024\/08\/ifd-artikul-Black-Out.png","width":400,"height":212},{"@type":"BreadcrumbList","@id":"https:\/\/ifd.al\/en\/black-out-electricity-is-interrupted-throughout-albania-the-country-30-minutes-on-the-ground\/#breadcrumb","itemListElement":[{"@type":"ListItem","position":1,"name":"Home","item":"https:\/\/ifd.al\/en\/"},{"@type":"ListItem","position":2,"name":"&#8216;Black Out&#8217;, electricity is interrupted throughout Albania, the country 30 minutes on the ground"}]},{"@type":"WebSite","@id":"https:\/\/ifd.al\/en\/#website","url":"https:\/\/ifd.al\/en\/","name":"IFD Tech","description":"Panele Fotovoltaike \/ Sh\u00ebrbime Telekomunikaconi","publisher":{"@id":"https:\/\/ifd.al\/en\/#organization"},"potentialAction":[{"@type":"SearchAction","target":{"@type":"EntryPoint","urlTemplate":"https:\/\/ifd.al\/en\/?s={search_term_string}"},"query-input":{"@type":"PropertyValueSpecification","valueRequired":true,"valueName":"search_term_string"}}],"inLanguage":"en-US"},{"@type":"Organization","@id":"https:\/\/ifd.al\/en\/#organization","name":"IFD Tech","url":"https:\/\/ifd.al\/en\/","logo":{"@type":"ImageObject","inLanguage":"en-US","@id":"https:\/\/ifd.al\/en\/#\/schema\/logo\/image\/","url":"https:\/\/ifd.al\/wp-content\/uploads\/2022\/04\/logo-2.png","contentUrl":"https:\/\/ifd.al\/wp-content\/uploads\/2022\/04\/logo-2.png","width":380,"height":106,"caption":"IFD Tech"},"image":{"@id":"https:\/\/ifd.al\/en\/#\/schema\/logo\/image\/"}},{"@type":"Person","@id":"https:\/\/ifd.al\/en\/#\/schema\/person\/0da0a70d40deb3222f591301f08cd28f","name":"IFD","image":{"@type":"ImageObject","inLanguage":"en-US","@id":"https:\/\/secure.gravatar.com\/avatar\/95c6b0b57ce225c546f2a36e44ce74d16c24c1881908cd364e31bf787bd8b76c?s=96&d=mm&r=g","url":"https:\/\/secure.gravatar.com\/avatar\/95c6b0b57ce225c546f2a36e44ce74d16c24c1881908cd364e31bf787bd8b76c?s=96&d=mm&r=g","contentUrl":"https:\/\/secure.gravatar.com\/avatar\/95c6b0b57ce225c546f2a36e44ce74d16c24c1881908cd364e31bf787bd8b76c?s=96&d=mm&r=g","caption":"IFD"},"sameAs":["https:\/\/ifd.al"],"url":"https:\/\/ifd.al\/en\/author\/admin_sq158zjq\/"}]}},"_links":{"self":[{"href":"https:\/\/ifd.al\/en\/wp-json\/wp\/v2\/posts\/16448","targetHints":{"allow":["GET"]}}],"collection":[{"href":"https:\/\/ifd.al\/en\/wp-json\/wp\/v2\/posts"}],"about":[{"href":"https:\/\/ifd.al\/en\/wp-json\/wp\/v2\/types\/post"}],"author":[{"embeddable":true,"href":"https:\/\/ifd.al\/en\/wp-json\/wp\/v2\/users\/1"}],"replies":[{"embeddable":true,"href":"https:\/\/ifd.al\/en\/wp-json\/wp\/v2\/comments?post=16448"}],"version-history":[{"count":2,"href":"https:\/\/ifd.al\/en\/wp-json\/wp\/v2\/posts\/16448\/revisions"}],"predecessor-version":[{"id":16784,"href":"https:\/\/ifd.al\/en\/wp-json\/wp\/v2\/posts\/16448\/revisions\/16784"}],"wp:featuredmedia":[{"embeddable":true,"href":"https:\/\/ifd.al\/en\/wp-json\/wp\/v2\/media\/16757"}],"wp:attachment":[{"href":"https:\/\/ifd.al\/en\/wp-json\/wp\/v2\/media?parent=16448"}],"wp:term":[{"taxonomy":"category","embeddable":true,"href":"https:\/\/ifd.al\/en\/wp-json\/wp\/v2\/categories?post=16448"},{"taxonomy":"post_tag","embeddable":true,"href":"https:\/\/ifd.al\/en\/wp-json\/wp\/v2\/tags?post=16448"}],"curies":[{"name":"wp","href":"https:\/\/api.w.org\/{rel}","templated":true}]}}